{"id":101,"date":"2014-08-28T18:28:04","date_gmt":"2014-08-28T18:28:04","guid":{"rendered":"http:\/\/agades.es\/?p=101"},"modified":"2014-08-28T18:46:46","modified_gmt":"2014-08-28T18:46:46","slug":"los-automoviles-descapotables-se-dan-cita-en-mondariz-balneario","status":"publish","type":"post","link":"https:\/\/agades.es\/?p=101","title":{"rendered":"Los autom\u00f3viles descapotables se dan cita en Mondariz-Balneario"},"content":{"rendered":"<p><a href=\"http:\/\/agades.es\/wp-content\/uploads\/2014\/08\/eco2p17f03967793_427319_g-150x1501.jpg\"><img loading=\"lazy\" decoding=\"async\" class=\"alignleft size-full wp-image-102\" src=\"http:\/\/agades.es\/wp-content\/uploads\/2014\/08\/eco2p17f03967793_427319_g-150x1501.jpg\" alt=\"\" width=\"150\" height=\"150\" \/><\/a>Organizado por la empresa TSM Autom\u00f3viles, en colaboraci\u00f3n con los Hoteles A Quinta da Auga y Mondariz Balneario, adem\u00e1s de la empresa Conference Organizaci\u00f3n y la Asociaci\u00f3n Gallega de J\u00f3venes Empresarios y Emprendedores, tendr\u00e1 lugar el 12 de septiembre la I Concentraci\u00f3n Gallega de Descapotables, en la que todas las personas que dispongan de un veh\u00edculo de estas caracter\u00edsticas podr\u00e1 inscribirse. El \u00fanico fin es disfrutar de un fin de semana de convivencia entre los amantes de los veh\u00edculos descapotables y poder demostrar que, pese a su climatolog\u00eda, Galicia es un lugar excepcional para poder conducir estos autom\u00f3viles.<\/p>\n<p>La concentraci\u00f3n esta abierta a todo tipo de veh\u00edculos de estas caracter\u00edsticas, teniendo como punto de encuentro el Balneario de Mondariz donde se ofrecer\u00e1 un desayuno a los participantes para posteriormente iniciar la ruta hacia Santiago de Compostela que culminara con una comida. Los interesados en participar pueden solicitar m\u00e1s informaci\u00f3n en el e-mail: \u00abconference.org@telefonica.net\u00bb<\/p>\n<p><a title=\"La Voz de Galicia\" href=\"http:\/\/www.lavozdegalicia.es\/vigo\/2010\/09\/01\/0003_8700031.htm\" target=\"_blank\">Fuente La Voz de Galicia 1\/09\/2010<\/a><\/p>\n","protected":false},"excerpt":{"rendered":"<p>Organizado por la empresa TSM Autom\u00f3viles, en colaboraci\u00f3n con los Hoteles A Quinta da Auga y Mondariz Balneario, adem\u00e1s de la empresa Conference Organizaci\u00f3n y la Asociaci\u00f3n Gallega de J\u00f3venes Empresarios y Emprendedores, tendr\u00e1 lugar el 12 de septiembre la I Concentraci\u00f3n Gallega de Descapotables, en la que todas las personas que dispongan de un [&hellip;]<\/p>\n","protected":false},"author":1,"featured_media":0,"comment_status":"open","ping_status":"open","sticky":false,"template":"","format":"standard","meta":{"footnotes":""},"categories":[17],"tags":[],"class_list":["post-101","post","type-post","status-publish","format-standard","hentry","category-prensa"],"jetpack_featured_media_url":"","_links":{"self":[{"href":"https:\/\/agades.es\/index.php?rest_route=\/wp\/v2\/posts\/101","targetHints":{"allow":["GET"]}}],"collection":[{"href":"https:\/\/agades.es\/index.php?rest_route=\/wp\/v2\/posts"}],"about":[{"href":"https:\/\/agades.es\/index.php?rest_route=\/wp\/v2\/types\/post"}],"author":[{"embeddable":true,"href":"https:\/\/agades.es\/index.php?rest_route=\/wp\/v2\/users\/1"}],"replies":[{"embeddable":true,"href":"https:\/\/agades.es\/index.php?rest_route=%2Fwp%2Fv2%2Fcomments&post=101"}],"version-history":[{"count":1,"href":"https:\/\/agades.es\/index.php?rest_route=\/wp\/v2\/posts\/101\/revisions"}],"predecessor-version":[{"id":103,"href":"https:\/\/agades.es\/index.php?rest_route=\/wp\/v2\/posts\/101\/revisions\/103"}],"wp:attachment":[{"href":"https:\/\/agades.es\/index.php?rest_route=%2Fwp%2Fv2%2Fmedia&parent=101"}],"wp:term":[{"taxonomy":"category","embeddable":true,"href":"https:\/\/agades.es\/index.php?rest_route=%2Fwp%2Fv2%2Fcategories&post=101"},{"taxonomy":"post_tag","embeddable":true,"href":"https:\/\/agades.es\/index.php?rest_route=%2Fwp%2Fv2%2Ftags&post=101"}],"curies":[{"name":"wp","href":"https:\/\/api.w.org\/{rel}","templated":true}]}}